{"provider_url": "https://www.saojeronimo.rs.leg.br", "title": "Escola do Legislativo realizar\u00e1 evento alusivo ao Outubro Rosa", "html": "<p data-start=\"137\" data-end=\"377\">A <strong data-start=\"139\" data-end=\"200\">Escola do Legislativo da C\u00e2mara Municipal de S\u00e3o Jer\u00f4nimo</strong> convida toda a comunidade para participar da <strong data-start=\"246\" data-end=\"284\">Palestra em alus\u00e3o ao Outubro Rosa</strong>, m\u00eas dedicado \u00e0 <strong data-start=\"301\" data-end=\"374\">preven\u00e7\u00e3o e conscientiza\u00e7\u00e3o sobre o c\u00e2ncer de mama e do colo do \u00fatero</strong>.</p>\r\n<p data-start=\"379\" data-end=\"493\"><strong data-start=\"382\" data-end=\"391\">Data: 22/10</strong><br data-start=\"406\" data-end=\"409\" /><strong data-start=\"412\" data-end=\"424\">Hor\u00e1rio:</strong> 13:30h<br data-start=\"442\" data-end=\"445\" /><strong data-start=\"448\" data-end=\"458\">Local:</strong> C\u00e2mara Municipal de S\u00e3o Jer\u00f4nimo</p>\r\n<p data-start=\"495\" data-end=\"641\">A palestra ser\u00e1 conduzida pelas palestrantes, Tais de Campos, Dra Carla Waszaki e a Secretaria de Sa\u00fade Kenia Guimar\u00e3es, abordando a import\u00e2ncia do autocuidado, do diagn\u00f3stico precoce e da valoriza\u00e7\u00e3o da vida.\u00a0</p>\r\n<p data-start=\"643\" data-end=\"819\">Participe conosco dessa importante a\u00e7\u00e3o de conscientiza\u00e7\u00e3o!</p>\r\n<p data-start=\"643\" data-end=\"819\"><br data-start=\"702\" data-end=\"705\" /> <strong data-start=\"705\" data-end=\"769\">Escola do Legislativo \u2013 C\u00e2mara de Vereadores de S\u00e3o Jer\u00f4nimo</strong><br data-start=\"769\" data-end=\"772\" /> Formando cidadania e promovendo conhecimento.</p>", "author_name": "", "version": "1.0", "author_url": "https://www.saojeronimo.rs.leg.br/author/sjr", "provider_name": "C\u00e2mara Municipal de S\u00e3o Jer\u00f4nimo - RS", "type": "rich"}