{"provider_url": "https://www.saojeronimo.rs.leg.br", "title": "19/11 dia da Bandeira", "html": "<p style=\"text-align: justify; \"><span>Ordem e Progresso, estandarte positivista, \u00e9 como disse o grande autor de \u201cOs Sert\u00f5es\u201d, uma s\u00edntese perfeita do que existe de melhor na arte de administrar. Especialmente numa Na\u00e7\u00e3o bela e pujante como a nossa!</span></p>\r\n<p style=\"text-align: justify; \"><span>E a bandeira brasileira, o bel\u00edssimo pavilh\u00e3o nacional, reflete um momento hist\u00f3rico sem igual, onde deixamos de ser monarquia e nos tornamos uma rep\u00fablica democr\u00e1tica, para cuja constru\u00e7\u00e3o tantos her\u00f3is deram o seu sangue, com o magistral exemplo de Tiradentes, nosso patrono c\u00edvico.</span></p>\r\n<p style=\"text-align: justify; \"><span>A Bandeira do Brasil, foi criada atrav\u00e9s do Decreto n\u00ba 4 de 19 de novembro de 1889, por iniciativa do Prof. Tenente Coronel Benjamin Constant. O pavilh\u00e3o nacional, junto com o selo, o bras\u00e3o e as armas, comp\u00f5e a simbologia que representa a nossa P\u00e1tria, no concerto das na\u00e7\u00f5es do mundo, com destaque para aquelas inseridas, como a nossa, no contexto do mundo livre.</span></p>\r\n<p style=\"text-align: justify; \"><span>O tremular das nossas bandeiras, que nos enche de orgulho, inspira-nos o sentimento de civismo, de amor \u00e0 terra onde nascemos, t\u00e3o rica e diversificada, plural em todos os sentidos, cujas manifesta\u00e7\u00f5es culturais, fazem do nosso pa\u00eds um celeiro multicor de valores singulares no mundo.</span></p>\r\n<p style=\"text-align: justify; \"><span>As florestas imersas no verde da sua bandeira, o ouro simbolizando a enorme riqueza mineral no amarelo e o azul da ab\u00f3bada celeste, robustecem o grande amor que o pavilh\u00e3o representa e que simboliza a vastid\u00e3o do seu territ\u00f3rio.</span></p>\r\n<p style=\"text-align: justify; \"><span>Na pra\u00e7a dos Tr\u00eas Poderes em Bras\u00edlia encontra-se hasteada a maior bandeira do mundo: a bandeira brasileira, em cada m\u00eas trocada por um governo de Estado no pa\u00eds!</span></p>\r\n<p style=\"text-align: justify; \"><span>Findamos esta mensagem relembrando os versos da can\u00e7\u00e3o Fibra de Her\u00f3i, que diz:</span></p>\r\n<p style=\"text-align: justify; \"><span>\u201c...bandeira do Brasil, ningu\u00e9m te manchar\u00e1, seu povo varonil, isto n\u00e3o consentir\u00e1.</span></p>\r\n<p style=\"text-align: justify; \"><span>Bandeira idolatrada, altiva a tremular onde a liberdade \u00e9 mais uma estrela a brilhar\u201d.</span></p>\r\n<p style=\"text-align: justify; \"><span>Salve oh! lindo pend\u00e3o da esperan\u00e7a!</span></p>\r\n<p style=\"text-align: justify; \"><span>\u00a0</span></p>\r\n<p align=\"center\" style=\"text-align: center; \"><span><b><span>\u00a0</span></b></span></p>\r\n<p align=\"center\" style=\"text-align: center; \"><span><b>Alfredo</b>\u00a0Braga de\u00a0<b>Castro</b>\u00a0\u2013 CEL PM</span></p>\r\n<p align=\"center\" style=\"text-align: center; \"><span>Comandante-Geral</span></p>\r\n<p align=\"center\" style=\"text-align: center; \"><img class=\"image-inline external-image\" src=\"https://fbcdn-sphotos-e-a.akamaihd.net/hphotos-ak-xfa1/v/t1.0-9/12226981_951143138291243_2105655531663285529_n.jpg?oh=b6db5927e02fd722f4963c7262b015e9&amp;oe=56BA2AD4&amp;__gda__=1458704866_561d720550c03bb9f66dd2be0c58f206\" /></p>", "author_name": "", "version": "1.0", "author_url": "https://www.saojeronimo.rs.leg.br/author/sjr", "provider_name": "C\u00e2mara Municipal de S\u00e3o Jer\u00f4nimo - RS", "type": "rich"}