{"provider_url": "https://www.saojeronimo.rs.leg.br", "title": "Exibi\u00e7\u00e3o de Curta Metragem Document\u00e1rio - \"A Carta\".", "html": "\r\n<p>&nbsp;</p>\r\n<p style=\"text-align: justify;\"> <span style=\"text-align: center;\" class=\"fbPhotoCaptionText\"><br /></span></p>\r\n<p style=\"text-align: justify;\"><span style=\"text-align: center;\" class=\"fbPhotoCaptionText\"><br /></span></p>\r\n<p style=\"text-align: justify;\"><span style=\"text-align: center;\" class=\"fbPhotoCaptionText\"><br /></span></p>\r\n<p style=\"text-align: justify;\"><span style=\"text-align: center;\" class=\"fbPhotoCaptionText\"><br /></span></p>\r\n<p style=\"text-align: justify;\"><span style=\"text-align: center;\" class=\"fbPhotoCaptionText\"><br /></span></p>\r\n<p style=\"text-align: justify;\"><span style=\"text-align: center;\" class=\"fbPhotoCaptionText\"><br /></span></p>\r\n<p style=\"text-align: justify;\"><span style=\"text-align: center;\" class=\"fbPhotoCaptionText\">A&nbsp;<a href=\"http://www.facebook.com/camara.vereadores.73\">C\u00e2mara Vereadores</a>&nbsp;promoveu na data do dia 23 de outubro do corrente ano a exibi\u00e7\u00e3o do curta-metragem document\u00e1rio - \"A Carta\", produzido pela Funda\u00e7\u00e3o Cultural \"Carpe Diem\" e por Mar\u00edlia do Rio Martins com recursos do Fundo de Incentivo a Cultura de Charqueadas e do apoio da Empresa Tractebel Energia.</span></p>\r\n<p style=\"text-align: justify;\"><span class=\"visualHighlight\">O curta narra a hist\u00f3ria da visita da Princesa Isabel, do seu esposo o Conde D'eu, seus filhos e Comitiva \u00e0 Regi\u00e3o Carbon\u00edfera do Estado, para inaugura\u00e7\u00e3o da Mina de Carv\u00e3o em Arroio dos Ratos - RS e a uma olaria em Triunfo - RS em 13 de janeiro de 1885.</span></p>\r\n", "author_name": "pchananeco", "version": "1.0", "author_url": "https://www.saojeronimo.rs.leg.br/author/pchananeco", "provider_name": "C\u00e2mara Municipal de S\u00e3o Jer\u00f4nimo - RS", "type": "rich"}