{"provider_url": "https://www.saojeronimo.rs.leg.br", "title": "Audi\u00eancia P\u00fablica 05/05/2017 ", "html": "<div data-block=\"true\" data-editor=\"focpd\" data-offset-key=\"645g7-0-0\">\r\n<div class=\"_1mf _1mj\" data-offset-key=\"645g7-0-0\"><span data-offset-key=\"645g7-0-0\">Convidamos toda regi\u00e3o Carbon\u00edfera para participar de uma grande Audi\u00eancia Publica com o Senador Pain e demais autoridades politicas, para debater a reforma trabalhista e previdenci\u00e1ria no dia 05 de Maio as 19;00 no audit\u00f3rio da Ulbra S\u00e3o Jer\u00f4nimo.</span></div>\r\n</div>\r\n<div data-block=\"true\" data-editor=\"focpd\" data-offset-key=\"2c861-0-0\">\r\n<div class=\"_1mf _1mj\" data-offset-key=\"2c861-0-0\"><span data-offset-key=\"2c861-0-0\">Contamos com a presen\u00e7a de todos.</span></div>\r\n</div>", "author_name": "", "version": "1.0", "author_url": "https://www.saojeronimo.rs.leg.br/author/sjr", "provider_name": "C\u00e2mara Municipal de S\u00e3o Jer\u00f4nimo - RS", "type": "rich"}