{"provider_url": "https://www.saojeronimo.rs.leg.br", "title": "Inaugurada Escola do Legislativo", "html": "<h3 style=\"text-align: start; \" data-start=\"129\" data-end=\"225\"><strong data-start=\"133\" data-end=\"225\">Escola do Legislativo realiza curso inaugural sobre a Lei Org\u00e2nica e o Regimento Interno</strong></h3>\r\n<p style=\"text-align: start; \"><strong data-start=\"133\" data-end=\"225\"><br /></strong></p>\r\n<p style=\"text-align: start; \" data-start=\"227\" data-end=\"438\">A C\u00e2mara de Vereadores de S\u00e3o Jer\u00f4nimo deu in\u00edcio \u00e0s atividades da<span>\u00a0</span><strong data-start=\"294\" data-end=\"319\">Escola do Legislativo</strong>, com a realiza\u00e7\u00e3o do<span>\u00a0</span><strong data-start=\"341\" data-end=\"435\">curso inaugural voltado ao estudo da Lei Org\u00e2nica Municipal e do Regimento Interno da Casa</strong>.</p>\r\n<p style=\"text-align: start; \" data-start=\"440\" data-end=\"629\">O encontro teve como objetivo promover o aperfei\u00e7oamento dos servidores, fortalecendo o conhecimento sobre as normas que regem o funcionamento do Poder Legislativo Municipal.</p>\r\n<p style=\"text-align: start; \" data-start=\"631\" data-end=\"839\">Durante o curso, foram abordados temas como a estrutura da Lei Org\u00e2nica, as compet\u00eancias do Legislativo, o processo legislativo, al\u00e9m das regras e procedimentos internos que orientam o trabalho parlamentar e tambem teve como palestrantes o Juridico da casa Dr. Lucas Chananeco e as servidoras Tais de Campos e Magda Garcia.</p>\r\n<p style=\"text-align: start; \" data-start=\"841\" data-end=\"1024\">A cria\u00e7\u00e3o da Escola do Legislativo representa um importante passo no compromisso da C\u00e2mara com a<span>\u00a0</span><strong data-start=\"938\" data-end=\"961\">forma\u00e7\u00e3o continuada</strong>, a<span>\u00a0</span><strong data-start=\"965\" data-end=\"982\">transpar\u00eancia</strong><span>\u00a0</span>e a<span>\u00a0</span><strong data-start=\"987\" data-end=\"1021\">valoriza\u00e7\u00e3o do servi\u00e7o p\u00fablico</strong>.</p>\r\n<p style=\"text-align: start; \" data-start=\"1026\" data-end=\"1171\">Com essa iniciativa, o Legislativo de S\u00e3o Jer\u00f4nimo reafirma seu papel como espa\u00e7o de di\u00e1logo, aprendizado e fortalecimento da democracia local.</p>", "author_name": "", "version": "1.0", "author_url": "https://www.saojeronimo.rs.leg.br/author/sjr", "provider_name": "C\u00e2mara Municipal de S\u00e3o Jer\u00f4nimo - RS", "type": "rich"}