{"provider_url": "https://www.saojeronimo.rs.leg.br", "title": "Nota de Pesar", "html": "<p class=\"cvGsUA direction-ltr align-center para-style-body\"><span class=\"OYPEnA text-decoration-none text-strikethrough-none\">\u00c9 com imensa tristeza que recebemos a not\u00edcia do falecimento do senhor Carlos Ignacio de Souza, pai do Vereador e Presidente da Casa Legislativa Filipe Almeida de Souza</span><span class=\"OYPEnA text-decoration-none text-strikethrough-none white-space-prewrap\"> </span><span class=\"OYPEnA text-decoration-none text-strikethrough-none\">\u201c Pico\u201d nesta ter\u00e7a-feira,</span><span class=\"OYPEnA text-decoration-none text-strikethrough-none white-space-prewrap\"> </span><span class=\"OYPEnA text-decoration-none text-strikethrough-none\">24</span><span class=\"OYPEnA text-decoration-none text-strikethrough-none white-space-prewrap\"> </span><span class=\"OYPEnA text-decoration-none text-strikethrough-none\">de outubro de 2023.</span></p>\r\n<p class=\"cvGsUA direction-ltr align-center para-style-body\"><span class=\"OYPEnA text-decoration-none text-strikethrough-none\">Neste momento de tamanha dor e consterna\u00e7\u00e3o, nos solidarizamos manifestando sentimentos a todos os familiares e amigos.</span></p>\r\n<p class=\"cvGsUA direction-ltr align-center para-style-body\"><span class=\"OYPEnA white-space-prewrap text-decoration-none text-strikethrough-none\"> </span><span class=\"OYPEnA text-decoration-none text-strikethrough-none\">Que Deus traga consolo aos cora\u00e7\u00f5es aflitos, neste momento de profundo sofrimento.</span></p>\r\n<p>\u00c9 com muito pesar que a C\u00e2mara Municipal, em nome de todos os Vereadores e Servidores, comunica que est\u00e1 de luto devido ao falecimento.</p>", "author_name": "", "version": "1.0", "author_url": "https://www.saojeronimo.rs.leg.br/author/sjr", "provider_name": "C\u00e2mara Municipal de S\u00e3o Jer\u00f4nimo - RS", "type": "rich"}