{"provider_url": "https://www.saojeronimo.rs.leg.br", "title": "RESOLU\u00c7\u00c3O DA MESA DIRETIVA 002/2020", "html": "<p align=\"center\"><b>RESOLU\u00c7\u00c3O DA MESA DIRETIVA 002/2020</b></p>\r\n<p><b>\u00a0</b></p>\r\n<p><b>\u00a0</b><span>Disp\u00f5e sobre os procedimentos e regras para fins de preven\u00e7\u00e3o \u00e0 infec\u00e7\u00e3o e \u00e0 propaga\u00e7\u00e3o do COVID-19 no \u00e2mbito da C\u00e2mara Municipal de S\u00e3o Jer\u00f4nimo e da outras provid\u00eancias.</span></p>\r\n<p>\u00a0</p>\r\n<p>\u00a0<b>CONSIDERANDO</b><span> que, em 30 de janeiro de 2020, a Organiza\u00e7\u00e3o Mundial da Sa\u00fade (OMS) declarou que o surto da doen\u00e7a causada pelo novo coronav\u00edrus (COVID-19) constitui uma Emerg\u00eancia de Sa\u00fade P\u00fablica de Import\u00e2ncia Internacional \u2013 ESPII, o mais alto n\u00edvel de alerta da Organiza\u00e7\u00e3o, conforme previsto no Regulamento Sanit\u00e1rio Internacional e que, em 11 de mar\u00e7o de 2020, a COVID-19 foi caracterizada pela OMS como uma pandemia;</span></p>\r\n<p>\u00a0<b>CONSIDERANDO</b><span> a Declara\u00e7\u00e3o de Emerg\u00eancia em Sa\u00fade P\u00fablica de Import\u00e2ncia Nacional em decorr\u00eancia da Infec\u00e7\u00e3o Humana pelo novo coronav\u00edrus (COVID-19) pelo Minist\u00e9rio da Sa\u00fade (Portaria n\u00ba 188/GM/MS);</span></p>\r\n<p>\u00a0<b>CONSIDERANDO</b><span> que de acordo com o Protocolo de Tratamento do Novo Coronav\u00edrus (COVID-19) do Minist\u00e9rio da Sa\u00fade, a transmissibilidade dos pacientes infectados por \u00e9 em m\u00e9dia de 07 a 14 dias ap\u00f3s o in\u00edcio dos sintomas, mas que dados preliminares sugerem que a transmiss\u00e3o possa ocorrer mesmo sem o aparecimento de sinais e sintomas;</span></p>\r\n<p>\u00a0<b>CONSIDERANDO </b><span>que diversos \u00f3rg\u00e3os p\u00fablicos adotaram medidas para controle da transmiss\u00e3o da doen\u00e7a em seus respectivos \u00e2mbitos de atua\u00e7\u00e3o, como o Senado Federal por meio do Ato do Presidente n\u00ba 02/2020; a C\u00e2mara dos Deputados, por meio do Ato da Mesa n\u00ba 118, de 11 de mar\u00e7o de 2020; o Tribunal Superior do Trabalho, por meio do Ato GDGSET.GP. n\u00ba 110, de 10 de mar\u00e7o de 2020; e o Tribunal de Justi\u00e7a do Rio Grande do Sul, por meio de comunica\u00e7\u00e3o oficial de sua Presid\u00eancia;</span></p>\r\n<p>\u00a0<b>CONSIDERANDO</b><span> a necessidade de formalizar os procedimentos e regras para fins de preven\u00e7\u00e3o \u00e0 infec\u00e7\u00e3o e \u00e0 propaga\u00e7\u00e3o do COVID-19 no \u00e2mbito da C\u00e2mara Municipal de S\u00e3o Jer\u00f4nimo, de modo a preservar a sa\u00fade de todos.</span></p>\r\n<p><b>\u00a0</b></p>\r\n<p><b>A MESA DIRETORA DA C\u00c2MARA MUNICIPAL DE VEREADORES DE S\u00c3O JER\u00d4NIMO,</b> no uso de suas atribui\u00e7\u00f5es legais, de conformidade com o Regimento Interno desta Casa Legislativa e Lei Org\u00e2nica do Munic\u00edpio.</p>\r\n<p align=\"center\"><b>\u00a0</b></p>\r\n<p align=\"center\"><b>RESOLVE:</b></p>\r\n<p>\u00a0</p>\r\n<p>Art. 1\u00ba.\u00a0\u00a0\u00a0 Fica Suspenso pelo prazo de 15 (quinze) dias o expediente presencial no \u00e2mbito da C\u00e2mara Municipal de Vereadores.</p>\r\n<p>\u00a0</p>\r\n<p>Art. 2\u00ba.\u00a0\u00a0\u00a0 Durante o per\u00edodo referido no Caput do Artigo 1\u00ba, ficar\u00e3o suspensas as reuni\u00f5es ordin\u00e1rias desta Casa Legislativa.</p>\r\n<p>\u00a0</p>\r\n<p>Par\u00e1grafo \u00danico \u2013 Caso haja necessidade de aprecia\u00e7\u00e3o de mat\u00e9ria de urg\u00eancia, encaminhado pelo Poder Executivo, os vereadores ser\u00e3o convocados para uma reuni\u00e3o extraordin\u00e1ria.</p>\r\n<p>\u00a0</p>\r\n<p>Art. 3\u00ba.\u00a0\u00a0\u00a0 Os Vereadores e os servidores dever\u00e3o executar as tarefas de sua responsabilidade em regime de trabalho remoto domiciliar, ressalvado o atendimento aos casos excepcionais, durante a vig\u00eancia da presente portaria, sem preju\u00edzo de seus vencimentos.</p>\r\n<p>\u00a0</p>\r\n<p>Art. 4\u00ba.\u00a0\u00a0\u00a0 Fica cancelado at\u00e9 o dia 30/04/2020, as Reuni\u00f5es Solenes, especiais, audi\u00eancias p\u00fablicas e ced\u00eancias do plen\u00e1rio, inclusive aquelas j\u00e1 agendadas.</p>\r\n<p>\u00a0</p>\r\n<p>Art. 5\u00ba.\u00a0\u00a0\u00a0 O atendimento ao p\u00fablico na C\u00e2mara de Vereadores est\u00e1 <b>SUSPENSO. </b>Os<b> CASOS URGENTES </b>dever\u00e3o ser encaminhados exclusivamente por meio eletr\u00f4nico ou por telefone, aos servidores que estar\u00e3o em plant\u00e3o domiciliar, os quais dever\u00e3o ser amplamente divulgados pelo Portal e Redes Sociais do Poder Legislativo.</p>\r\n<p>\u00a0</p>\r\n<p>Art. 6\u00ba.\u00a0\u00a0\u00a0 Os prazos previstos nesta Resolu\u00e7\u00e3o poder\u00e3o ser prorrogados ou revistos pela Mesa diretora, caso haja necessidade em virtude da evolu\u00e7\u00e3o da propaga\u00e7\u00e3o do v\u00edrus.</p>\r\n<p>\u00a0</p>\r\n<p>Art. 7\u00ba.\u00a0\u00a0\u00a0 Esta Resolu\u00e7\u00e3o entra em vigor na data de sua publica\u00e7\u00e3o.</p>\r\n<p>\u00a0</p>\r\n<p>\u00a0\u00a0\u00a0\u00a0\u00a0\u00a0\u00a0\u00a0\u00a0\u00a0\u00a0\u00a0\u00a0\u00a0\u00a0\u00a0\u00a0\u00a0 \u00a0\u00a0\u00a0\u00a0\u00a0\u00a0\u00a0\u00a0\u00a0\u00a0\u00a0\u00a0\u00a0\u00a0\u00a0\u00a0\u00a0\u00a0\u00a0\u00a0\u00a0\u00a0\u00a0\u00a0\u00a0\u00a0\u00a0\u00a0\u00a0\u00a0\u00a0\u00a0\u00a0\u00a0\u00a0\u00a0\u00a0 S\u00e3o Jer\u00f4nimo, 23 de Mar\u00e7o de 2020.</p>\r\n<p>\u00a0</p>\r\n<p>\u00a0</p>\r\n<p>\u00a0</p>\r\n<p><b>Amaro Jer\u00f4nimo Vanti de Azevedo \u00a0\u00a0\u00a0\u00a0\u00a0\u00a0\u00a0\u00a0\u00a0\u00a0\u00a0\u00a0\u00a0\u00a0\u00a0\u00a0 \u00a0\u00a0\u00a0\u00a0\u00a0\u00a0\u00a0\u00a0\u00a0\u00a0\u00a0Filipe Almeida</b></p>\r\n<p><b>\u00a0\u00a0\u00a0\u00a0 Presidente\u00a0\u00a0\u00a0\u00a0\u00a0\u00a0\u00a0\u00a0\u00a0\u00a0\u00a0\u00a0\u00a0\u00a0\u00a0\u00a0\u00a0\u00a0\u00a0\u00a0\u00a0\u00a0\u00a0\u00a0\u00a0\u00a0\u00a0\u00a0\u00a0\u00a0\u00a0\u00a0\u00a0 \u00a0\u00a0\u00a0\u00a0\u00a0\u00a0\u00a0\u00a0\u00a0\u00a0\u00a0\u00a0\u00a0\u00a0\u00a0\u00a0\u00a0\u00a0 Vice-Presidente\u00a0\u00a0\u00a0\u00a0\u00a0\u00a0\u00a0\u00a0\u00a0\u00a0\u00a0 </b></p>\r\n<p><b>\u00a0</b></p>\r\n<p><b>\u00a0</b></p>\r\n<p><b>\u00a0</b></p>\r\n<p><b>\u00a0\u00a0\u00a0\u00a0\u00a0 </b></p>\r\n<p><b>\u00a0\u00a0\u00a0\u00a0\u00a0\u00a0\u00a0\u00a0 \u00a0\u00a0\u00a0\u00a0\u00a0\u00a0 Jair Ribeiro\u00a0\u00a0\u00a0\u00a0\u00a0\u00a0\u00a0\u00a0\u00a0\u00a0\u00a0\u00a0\u00a0\u00a0\u00a0\u00a0\u00a0\u00a0\u00a0 \u00a0\u00a0\u00a0\u00a0\u00a0\u00a0\u00a0\u00a0\u00a0\u00a0\u00a0\u00a0\u00a0\u00a0\u00a0\u00a0\u00a0\u00a0\u00a0\u00a0\u00a0\u00a0\u00a0\u00a0\u00a0\u00a0\u00a0\u00a0\u00a0 Gilnei Ventura</b></p>\r\n<p><b>\u00a0\u00a0\u00a0\u00a0\u00a0\u00a0\u00a0\u00a0 \u00a0\u00a0\u00a0\u00a0\u00a0 1\u00ba Secret\u00e1rio\u00a0\u00a0\u00a0\u00a0\u00a0\u00a0\u00a0\u00a0\u00a0\u00a0\u00a0\u00a0\u00a0\u00a0\u00a0\u00a0\u00a0\u00a0\u00a0\u00a0\u00a0\u00a0\u00a0\u00a0\u00a0\u00a0\u00a0\u00a0\u00a0\u00a0\u00a0\u00a0\u00a0\u00a0\u00a0\u00a0\u00a0\u00a0\u00a0\u00a0\u00a0\u00a0\u00a0\u00a0\u00a0\u00a0\u00a0 \u00a0\u00a0\u00a0\u00a0\u00a0 2\u00ba Secret\u00e1rio</b></p>\r\n<p>\u00a0</p>\r\n<p>\u00a0</p>\r\n<p>\u00a0</p>\r\n<p>\u00a0</p>\r\n<p><b>\u00a0</b></p>\r\n<p align=\"center\"><b>\u00a0</b></p>", "author_name": "", "version": "1.0", "author_url": "https://www.saojeronimo.rs.leg.br/author/sjr", "provider_name": "C\u00e2mara Municipal de S\u00e3o Jer\u00f4nimo - RS", "type": "rich"}