{"provider_url": "https://www.saojeronimo.rs.leg.br", "title": "Sess\u00e3o Especial Projeto CURA", "html": "\r\n<p>&nbsp;</p>\r\n<p>Na data de&nbsp;27 de maio do corrente ano o&nbsp;Dr. Voltaire Michel, explanou sobre o Projeto CURA (d\u00edvida que Charqueadas tem com o Munic\u00edpio de S\u00e3o Jer\u00f4nimo), em sess\u00e3o especial que ocorreu na C\u00e2mara de Vereadores de S\u00e3o Jer\u00f4nimo.</p>\r\n", "author_name": "", "version": "1.0", "author_url": "https://www.saojeronimo.rs.leg.br/author/sjr", "provider_name": "C\u00e2mara Municipal de S\u00e3o Jer\u00f4nimo - RS", "type": "rich"}