{"provider_url": "https://www.saojeronimo.rs.leg.br", "title": "Sess\u00e3o Ordin\u00e1ria do dia 06/03", "html": "<div class=\"x11i5rnm xat24cr x1mh8g0r x1vvkbs xdj266r x126k92a\">\r\n<div dir=\"auto\">No dia, 06/03, foi realizada a primeira sess\u00e3o ordin\u00e1ria do ano de 2023. O presidente Filipe Almeida, Pico, implantou o sistema de vota\u00e7\u00e3o, tramita\u00e7\u00e3o de proposi\u00e7\u00f5es e projetos on-line.</div>\r\n</div>\r\n<div class=\"x11i5rnm xat24cr x1mh8g0r x1vvkbs xtlvy1s x126k92a\">\r\n<div dir=\"auto\">Com isso, al\u00e9m de representar redu\u00e7\u00e3o de custos e ajudar a reduzir o impacto ambiental, otimiza o acesso e o manejo das informa\u00e7\u00f5es.</div>\r\n</div>\r\n<div class=\"x11i5rnm xat24cr x1mh8g0r x1vvkbs xtlvy1s x126k92a\">\r\n<div dir=\"auto\">As reuni\u00f5es da C\u00e2mara s\u00e3o transmitidas ao vivo pelo Facebook: <span><a class=\"x1i10hfl xjbqb8w x6umtig x1b1mbwd xaqea5y xav7gou x9f619 x1ypdohk xt0psk2 xe8uvvx xdj266r x11i5rnm xat24cr x1mh8g0r xexx8yu x4uap5 x18d9i69 xkhd6sd x16tdsg8 x1hl2dhg xggy1nq x1a2a7pz xt0b8zv xzsf02u x1s688f\" href=\"https://www.facebook.com/camara.vereadores.Sao.Jeronimo?mibextid=LQQJ4d&amp;__cft__[0]=AZVnbhHhL_p_o91AxXxUQ5SyCSN1kxk2k-Vk8euVb2NZOgylTrdFDFGNn7a5HML9YWTWbBX2FBtp-aqi-4TgexjdfGOj1wtGp0aa0mukOomEXE8fwlAWX0mTWWvpT8DTKKCqLC3VgGlLXy9Ozp5sKH9_ahN1dhZjOQQnYGe2uizT4ExrsWSxb3UVF4vaL0PIkzw&amp;__tn__=-UK-R\" tabindex=\"0\">https://www.facebook.com/camara.vereadores.Sao.Jeronimo...</a></span> e ficam gravadas na p\u00e1gina.</div>\r\n</div>\r\n<h2><a class=\"external-link\" href=\"https://www.saojeronimo.rs.leg.br/institucional/fotos/todas-as-fotos\" target=\"_self\" title=\"\">Para ter acesso a mais fotos acesse aqui.</a></h2>", "author_name": "", "version": "1.0", "author_url": "https://www.saojeronimo.rs.leg.br/author/sjr", "provider_name": "C\u00e2mara Municipal de S\u00e3o Jer\u00f4nimo - RS", "type": "rich"}