{"provider_url": "https://www.saojeronimo.rs.leg.br", "title": "Perguntas Frequentes", "html": "<p><img src=\"https://www.saojeronimo.rs.leg.br/imagens/faq-logo.png/image_thumb\" alt=\"FAQ\" class=\"image-right\" title=\"Faq Logo\" /></p>\r\n<p style=\"text-align: justify; \"><b>Quantos Vereadores comp\u00f5em a C\u00e2mara Municipal S\u00e3o Jer\u00f4nimo?</b></p>\r\n<p style=\"text-align: justify; \">A C\u00e2mara Municipal de S\u00e3o Jer\u00f4nimo\u00a0 \u00e9 composta por 11 (Onze) Parlamentares.</p>\r\n<p style=\"text-align: justify; \"><b>Quais as principais fun\u00e7\u00f5es do Poder Legislativo?</b></p>\r\n<p style=\"text-align: justify; \">Legislativa, Fiscalizadora e Administrativa.</p>\r\n<p style=\"text-align: justify; \"><b>Quantos anos duram o mandato de um Vereador?</b></p>\r\n<p style=\"text-align: justify; \">Quatro anos.</p>\r\n<p style=\"text-align: justify; \"><b>O que \u00e9 uma Legislatura? E quando ela se inicia?</b></p>\r\n<p style=\"text-align: justify; \">Legislatura \u00e9 o nome dado ao per\u00edodo de dura\u00e7\u00e3o do mandato do Vereador, ou seja, de quatro anos. A Legislatura se inicia em 1\u00ba de janeiro do ano seguinte ao da elei\u00e7\u00e3o Municipal.</p>\r\n<p style=\"text-align: justify; \"><b>Quantos votos s\u00e3o necess\u00e1rios para se eleger Vereador?</b></p>\r\n<p style=\"text-align: justify; \">Essa quantidade varia de acordo com o chamado quociente eleitoral de cada munic\u00edpio. Esse n\u00famero \u00e9 obtido dividindo-se o n\u00famero de votos v\u00e1lidos (exclu\u00eddos os brancos e nulos), sejam eles nominais ou na legenda, pelo de lugares a serem preenchidos na C\u00e2mara Municipal. Por exemplo, em uma cidade h\u00e1 nove vagas para vereador, e concorrem a elas tr\u00eas partidos (A,B e C) e a coliga\u00e7\u00e3o D. A legenda A obteve 1.900 votos, a B, 1.350, a C, 550, e a coliga\u00e7\u00e3o D, 2.250. Os votos v\u00e1lidos na cidade somam 6.050. Dividindo-se os votos pelas vagas, obt\u00eam-se um quociente eleitoral de 672. Assim, apenas as legendas A e B e a coliga\u00e7\u00e3o D conseguiram votos suficientes para atingir o quociente eleitoral e ter\u00e3o direito a preencher as vagas dispon\u00edveis.</p>\r\n<p style=\"text-align: justify; \"><b><i>Fonte: (</i></b><a href=\"http://www.tse.jus.br/eleitor/glossario/termos/quociente-eleitoral\">http://www.tse.jus.br/eleitor/glossario/termos/quociente-eleitoral</a><b><i>)</i></b></p>\r\n<p style=\"text-align: justify; \"><b>Como eu fa\u00e7o para entrar em contato com um Vereador?</b></p>\r\n<p style=\"text-align: justify; \">Os contatos dos Vereadores est\u00e3o dispon\u00edveis neste site, no menu Parlamentares. Clicando no Parlamentar, ser\u00e3o exibidos o e-mail, telefone do Gabinete e celular. Tamb\u00e9m est\u00e3o dispon\u00edveis neste menu, informa\u00e7\u00f5es sobre Mandatos, Comiss\u00f5es, Proposi\u00e7\u00f5es e Filia\u00e7\u00e3o Partid\u00e1ria.</p>\r\n<p style=\"text-align: justify; \"><b>Como se escolhe o Presidente e a Mesa Diretora da C\u00e2mara Municipal?</b></p>\r\n<p style=\"text-align: justify; \">S\u00e3o formadas chapas com candidatos \u00e0 Presid\u00eancia. Por vota\u00e7\u00e3o aberta e maioria simples de votos, os membros da Casa elegem o Presidente, Vice-presidente, al\u00e9m de 1\u00ba e 2\u00ba Secret\u00e1rios.</p>\r\n<p style=\"text-align: justify; \"><b>Qual a fun\u00e7\u00e3o da Mesa Diretora?</b></p>\r\n<p style=\"text-align: justify; \">Segundo o Regimento Interno da Casa, no seu Art. 14, \u00e9 compet\u00eancia \u00a0da Mesa Diretora:\u00a0</p>\r\n<p style=\"text-align: justify; \">I - dirigir os trabalhos legislativos e os servi\u00e7os administrativos da C\u00e2mara;\u00a0</p>\r\n<p style=\"text-align: justify; \">II - propor projetos que criem ou extingam cargos ou servi\u00e7os da C\u00e2mara e fixem os\u00a0respectivos vencimentos;\u00a0</p>\r\n<p style=\"text-align: justify; \">III - regulamentar o funcionamento dos servi\u00e7os administrativos do Poder Legislativo;\u00a0</p>\r\n<p style=\"text-align: justify; \">IV - emitir parecer sobre pedido de licen\u00e7a de Vereadores;\u00a0</p>\r\n<p style=\"text-align: justify; \">V - apresentar ao Plen\u00e1rio, no fim de cada ano, relat\u00f3rio dos trabalhos realizados, bem\u00a0como sugest\u00f5es;\u00a0</p>\r\n<p style=\"text-align: justify; \">VI - indicar os ordenadores de despesas;\u00a0</p>\r\n<p style=\"text-align: justify; \">VII - cumprir as decis\u00f5es emanadas do Plen\u00e1rio;\u00a0</p>\r\n<p style=\"text-align: justify; \">VIII - exercer as demais atribui\u00e7\u00f5es previstas neste Regimento;\u00a0</p>\r\n<p style=\"text-align: justify; \">IX - apresentar presta\u00e7\u00e3o de contas, quadrimestralmente, em audi\u00eancia p\u00fablica, na forma\u00a0da Lei de Responsabilidade Fiscal.\u00a0</p>\r\n<p style=\"text-align: justify; \">\u00a0</p>\r\n<p style=\"text-align: justify; \"><b>Como \u00e9 elaborada a Ordem do Dia?</b></p>\r\n<p style=\"text-align: justify; \">A Ordem do Dia \u00e9 elaborada pela Presid\u00eancia e pelos L\u00edderes de Bancada, observando-se os prazos para delibera\u00e7\u00e3o, anterioridade e urg\u00eancia dos projetos.</p>\r\n<p style=\"text-align: justify; \"><b>Quando acontecem as Sess\u00f5es Ordin\u00e1rias da C\u00e2mara?</b></p>\r\n<p style=\"text-align: justify; \">As Sess\u00f5es Ordin\u00e1rias acontecem todas as segundas-feiras \u00e0s 20 horas, no Plen\u00e1rio da C\u00e2mara Municipal.</p>\r\n<p style=\"text-align: justify; \"><b>As Sess\u00f5es da C\u00e2mara s\u00e3o p\u00fablicas?</b></p>\r\n<p style=\"text-align: justify; \">Sim, s\u00e3o p\u00fablicas e toda a popula\u00e7\u00e3o pode participar.</p>\r\n<p>\u00a0\u00a0</p>\r\n<p>\u00a0</p>\r\n<p>\u00a0</p>\r\n<p>\u00a0</p>\r\n<p>\u00a0</p>\r\n<p>\u00a0</p>\r\n<p>\u00a0</p>", "author_name": "Interlegis", "version": "1.0", "author_url": "https://www.saojeronimo.rs.leg.br/author/Interlegis", "provider_name": "C\u00e2mara Municipal de S\u00e3o Jer\u00f4nimo - RS", "type": "rich"}